{"id":4891,"date":"2026-09-05T06:18:50","date_gmt":"2026-09-05T06:18:50","guid":{"rendered":"https:\/\/academicsolidarity.com\/?p=4891"},"modified":"2026-09-05T06:18:51","modified_gmt":"2026-09-05T06:18:51","slug":"saglik-sisteminin-merkezindeki-disiplin","status":"publish","type":"post","link":"https:\/\/www.academicsolidarity.com\/?p=4891&lang=tr","title":{"rendered":"Sa\u011fl\u0131k Sisteminin Merkezindeki Disiplin"},"content":{"rendered":"\n<p class=\"wp-block-paragraph\"><em>\u201cAile hekimi resmin tamam\u0131n\u0131 g\u00f6r\u00fcr.\u201d<\/em><\/p>\n\n\n\n<p class=\"wp-block-paragraph\">Academic Solidarity b\u00fcnyesinde aile hekimlerine y\u00f6nelik d\u00fczenlenen seminerde, \u201cAile Hekimli\u011finin Temelleri: Tan\u0131mlar ve WONCA A\u011fac\u0131\u201d ba\u015fl\u0131\u011f\u0131 ele al\u0131nd\u0131. 31 A\u011fustos 2026 tarihinde ger\u00e7ekle\u015ftirilen seminer, Prof. Dr. Zekeriya Akt\u00fcrk taraf\u0131ndan sunuldu. Seminerde aile hekimli\u011finin tarihsel geli\u015fiminden g\u00fcn\u00fcm\u00fczdeki tan\u0131m\u0131na, WONCA Europe taraf\u0131ndan belirlenen \u00e7ekirdek yeterliliklerden aile hekimli\u011finin sa\u011fl\u0131k sistemi i\u00e7indeki merkezi rol\u00fcne kadar geni\u015f bir \u00e7er\u00e7eve ele al\u0131nd\u0131.<\/p>\n\n\n\n<p class=\"wp-block-paragraph\">Sunumun dikkat \u00e7ekici ba\u015flang\u0131\u00e7 noktalar\u0131ndan biri, aile hekimli\u011finin di\u011fer bir\u00e7ok t\u0131p disiplininden farkl\u0131 olarak kendisini ve sa\u011fl\u0131k sistemi i\u00e7indeki yerini s\u00fcrekli olarak tan\u0131mlama ihtiyac\u0131 duymas\u0131yd\u0131. Bunun \u00f6nemli nedenlerinden biri, aile hekimli\u011finin belirli bir organ, hastal\u0131k veya teknik i\u015flem \u00fczerinden de\u011fil, ki\u015finin b\u00fct\u00fcn sa\u011fl\u0131k sorunlar\u0131, ya\u015fam ko\u015fullar\u0131 ve sa\u011fl\u0131k sistemiyle ili\u015fkisi \u00fczerinden tan\u0131mlanan genelci bir disiplin olmas\u0131d\u0131r. Nitekim WONCA Europe\u2019un 2023 tan\u0131m\u0131na g\u00f6re aile hekimli\u011fi, kendine \u00f6zg\u00fc e\u011fitim i\u00e7eri\u011fi, ara\u015ft\u0131rma alan\u0131, kan\u0131t taban\u0131 ve klinik uygulamas\u0131 bulunan akademik ve bilimsel bir disiplin; ayn\u0131 zamanda birinci basama\u011fa y\u00f6nelmi\u015f klinik bir uzmanl\u0131k alan\u0131d\u0131r.<\/p>\n\n\n\n<p class=\"wp-block-paragraph\">Seminerde aile hekimli\u011finin d\u00fc\u015f\u00fcnsel k\u00f6klerinin modern t\u0131ptan \u00e7ok daha eskiye uzand\u0131\u011f\u0131na dikkat \u00e7ekildi. M\u00d6 5. Y\u00fczy\u0131lda Hipokrat ve Kos ekol\u00fc, hastal\u0131\u011f\u0131n kendisinden \u00e7ok hasta insan\u0131, hastal\u0131\u011f\u0131n zaman i\u00e7indeki seyrini ve prognozunu \u00f6n plana \u00e7\u0131kar\u0131yordu. Buna kar\u015f\u0131l\u0131k yine ayn\u0131 d\u00f6nemdeki Knidos (bug\u00fcnk\u00fc Dat\u00e7a) ekol\u00fc, hastal\u0131klar\u0131 belirtilerine ve etkilenen organ sistemlerine g\u00f6re s\u0131n\u0131fland\u0131rmaya daha fazla a\u011f\u0131rl\u0131k veriyordu.<\/p>\n\n\n\n<p class=\"wp-block-paragraph\">Bu iki yakla\u015f\u0131m g\u00fcn\u00fcm\u00fcz t\u0131bb\u0131ndaki generalist\u2013organ temelli ayr\u0131m\u0131n\u0131n tarihsel bir \u00f6nc\u00fcl\u00fc olarak d\u00fc\u015f\u00fcn\u00fclebilir:<\/p>\n\n\n\n<p class=\"wp-block-paragraph\">Kos: \u201cHangi insan hasta ve hastal\u0131\u011f\u0131 nas\u0131l geli\u015fiyor?\u201d<\/p>\n\n\n\n<p class=\"wp-block-paragraph\">Knidos: \u201cBu insan\u0131n hangi hastal\u0131\u011f\u0131 var?\u201d<\/p>\n\n\n\n<p class=\"wp-block-paragraph\">Bu nedenle Kos ile g\u00fcn\u00fcm\u00fczde T\u00fcrkiye s\u0131n\u0131rlar\u0131nda bulunan Knidos\/Dat\u00e7a b\u00f6lgesi, yaln\u0131zca antik t\u0131p tarihi a\u00e7\u0131s\u0131ndan de\u011fil, iki farkl\u0131 t\u0131bbi d\u00fc\u015f\u00fcnme bi\u00e7iminin sembolik co\u011frafyas\u0131 a\u00e7\u0131s\u0131ndan da \u00f6zel bir \u00f6nem ta\u015f\u0131maktad\u0131r.<\/p>\n\n\n\n<p class=\"wp-block-paragraph\">Aile hekimli\u011fi tarih boyunca ini\u015f ve \u00e7\u0131k\u0131\u015flar ya\u015fam\u0131\u015ft\u0131r. \u00d6zellikle 20. Y\u00fczy\u0131l\u0131n ilk yar\u0131s\u0131nda h\u0131zlanan uzmanla\u015fma, genel hekimli\u011fin \u00f6nemini bir d\u00f6nem geri plana iterken, 1960\u2019lardan itibaren sa\u011fl\u0131k sisteminin par\u00e7alanmas\u0131 ve koordinasyon sorunlar\u0131 aile hekimli\u011fine yeniden ihtiya\u00e7 duyuldu\u011funu a\u00e7\u0131k bi\u00e7imde ortaya koymu\u015ftur. Sunumda 1966 tarihli Millis, Willard ve Folsom raporlar\u0131n\u0131n bu yeniden yap\u0131lanmadaki \u00f6nemli kilometre ta\u015flar\u0131 oldu\u011fu vurguland\u0131.<\/p>\n\n\n\n<p class=\"wp-block-paragraph\">T\u00fcrkiye a\u00e7\u0131s\u0131ndan da dikkat \u00e7ekici bir tarihsel \u00f6rnek vurguland\u0131: darbe d\u00f6nemi sa\u011fl\u0131k bakanl\u0131\u011f\u0131 m\u00fcste\u015far\u0131 olsa da, Prof. Dr. Nusret Fi\u015fek ve arkada\u015flar\u0131n\u0131n \u00f6nc\u00fcl\u00fc\u011f\u00fcnde haz\u0131rlanan 224 say\u0131l\u0131 Sa\u011fl\u0131k Hizmetlerinin Sosyalle\u015ftirilmesi Hakk\u0131nda Kanun, 1961 gibi erken bir tarihte n\u00fcfus temelli hizmet, b\u00f6lgesel sorumluluk, koruyucu ve tedavi edici hizmetlerin b\u00fct\u00fcnle\u015ftirilmesi, ekip \u00e7al\u0131\u015fmas\u0131, s\u00fcreklilik ve gerekti\u011finde sevk ilkelerini bir araya getiren olduk\u00e7a ileri bir vizyon ortaya koymu\u015ftur.<\/p>\n\n\n\n<p class=\"wp-block-paragraph\">G\u00fcn\u00fcm\u00fcz aile hekimli\u011finin kapsam\u0131 WONCA a\u011fac\u0131 \u00fczerinden de\u011ferlendirildi. Bu \u00e7er\u00e7evede aile hekimli\u011finin g\u00fcnl\u00fck uygulamaya yans\u0131yan temel \u00f6zellikleri de ayr\u0131nt\u0131l\u0131 olarak tart\u0131\u015f\u0131ld\u0131:<\/p>\n\n\n\n<ol class=\"wp-block-list\">\n<li>Sa\u011fl\u0131k ve hastal\u0131\u011f\u0131 \u00e7ok boyutlu ele almak<\/li>\n\n\n\n<li>Sa\u011fl\u0131k sisteminde ilk t\u0131bbi temas noktas\u0131 olmak<\/li>\n\n\n\n<li>Sa\u011fl\u0131k hizmetlerini koordine etmek ve gerekti\u011finde hastan\u0131n savunuculu\u011funu yapmak<\/li>\n\n\n\n<li>Sa\u011fl\u0131\u011f\u0131 ve iyilik h\u00e2lini geli\u015ftirmek<\/li>\n\n\n\n<li>Akut ve kronik sorunlar\u0131 ayn\u0131 ki\u015fide birlikte y\u00f6netmek<\/li>\n\n\n\n<li>Hen\u00fcz ayr\u0131\u015fmam\u0131\u015f, erken evredeki hastal\u0131klarla \u00e7al\u0131\u015fabilmek<\/li>\n\n\n\n<li>Birinci basamaktaki prevalans ve insidans\u0131 dikkate alan \u00f6zg\u00fcn bir karar verme s\u00fcreci<\/li>\n\n\n\n<li>Bireyin yan\u0131nda toplum ve \u00e7evre sa\u011fl\u0131\u011f\u0131na kar\u015f\u0131 sorumluluk ta\u015f\u0131mak<\/li>\n\n\n\n<li>Tekrarlayan temaslarla \u00f6zel bir hekim\u2013hasta ili\u015fkisi geli\u015ftirmek<\/li>\n\n\n\n<li>Uzunlamas\u0131na bak\u0131m s\u00fcreklili\u011fi sa\u011flamak<\/li>\n\n\n\n<li>Hastay\u0131 kendi sa\u011fl\u0131\u011f\u0131n\u0131n y\u00f6netiminde g\u00fc\u00e7lendirmek (patient empowerment)<\/li>\n\n\n\n<li>Hastal\u0131\u011f\u0131 de\u011fil, ki\u015fiyi ailesi ve ya\u015fad\u0131\u011f\u0131 \u00e7evre i\u00e7inde merkeze alan ki\u015fi merkezli yakla\u015f\u0131m g\u00f6stermek.<\/li>\n<\/ol>\n\n\n\n<p class=\"wp-block-paragraph\">(Wonca-Europe 2023; <a href=\"https:\/\/www.woncaeurope.org\/resources\/view\/the-european-definition-of-general-practice-family-medicine-wonca-europe-2023-edition\">https:\/\/www.woncaeurope.org\/resources\/view\/the-european-definition-of-general-practice-family-medicine-wonca-europe-2023-edition<\/a>)<\/p>\n\n\n\n<p class=\"wp-block-paragraph\">Bu \u00f6zellikler, aile hekimli\u011finin \u201cher \u015feyden biraz bilen hekimlik\u201d olmad\u0131\u011f\u0131n\u0131; aksine kendine \u00f6zg\u00fc klinik d\u00fc\u015f\u00fcnme y\u00f6ntemleri i\u00e7eren ayr\u0131 bir uzmanl\u0131k alan\u0131 oldu\u011funu g\u00f6stermektedir.<\/p>\n\n\n\n<p class=\"wp-block-paragraph\">Seminerde \u00fczerinde durulan \u00f6nemli ba\u015fl\u0131klardan biri de s\u00fcreklilik ve koordinasyon oldu. Aile hekimli\u011fini sa\u011fl\u0131k sisteminin merkezine yerle\u015ftiren \u00fclkelerde aile hekiminin sorumlulu\u011fu, hastay\u0131 ba\u015fka bir uzmana sevk etmekle sona ermez. Daha 1966 tarihli Millis Raporu\u2019nda bile birinci basamak hekiminin hastaya ili\u015fkin sorumlulu\u011funun sevk sonras\u0131nda da devam etti\u011fi belirtilmi\u015ftir.<\/p>\n\n\n\n<p class=\"wp-block-paragraph\">Almanya bunun g\u00fcncel \u00f6rneklerinden biridir. Aile hekimi kendisine ba\u015fvuran ki\u015finin yaln\u0131zca mevcut hastal\u0131\u011f\u0131ndan de\u011fil, genel sa\u011fl\u0131k durumunun s\u00fcreklili\u011finden de sorumludur. Bran\u015f uzman\u0131na y\u00f6nlendirilen hastan\u0131n de\u011ferlendirmesi sonras\u0131nda aile hekimine geri bildirim yap\u0131lmas\u0131 beklenir. Ayr\u0131ca sevkin amac\u0131 yaln\u0131zca \u201chastay\u0131 devretmek\u201d de\u011fildir; aile hekimi gerekti\u011finde kons\u00fcltasyonun kapsam\u0131n\u0131 da belirleyebilir ve di\u011fer uzmanl\u0131k alan\u0131ndan esas olarak g\u00f6r\u00fc\u015f isteyebilir ya da belirli bir soruya yan\u0131t isteyebilir. B\u00f6ylece bulgular yeniden aile hekiminde birle\u015ftirilerek hastan\u0131n b\u00fct\u00fcnc\u00fcl tedavi plan\u0131 olu\u015fturulur. WONCA\u2019n\u0131n koordinasyon anlay\u0131\u015f\u0131 da bu i\u015flevi tarif etmektedir.<\/p>\n\n\n\n<p class=\"wp-block-paragraph\">Seminerin ana mesajlar\u0131ndan biri, aile hekimlerinin hem teorik hem de pratik a\u00e7\u0131dan g\u00fc\u00e7l\u00fc yeti\u015fmesinin sa\u011fl\u0131k sisteminin i\u015fleyi\u015fi a\u00e7\u0131s\u0131ndan zorunlu oldu\u011fu idi.<\/p>\n\n\n\n<p class=\"wp-block-paragraph\">Aile hekimli\u011fi, di\u011fer uzmanl\u0131klar\u0131n bir alternatifi de\u011fil; onlarla e\u015fde\u011fer bir t\u0131p uzmanl\u0131\u011f\u0131d\u0131r. Bu nedenle uzmanl\u0131k e\u011fitiminin niteli\u011fi, kapsam\u0131 ve s\u00fcresi di\u011fer uzmanl\u0131k dallar\u0131yla ayn\u0131 olmal\u0131d\u0131r. \u00c7\u00fcnk\u00fc sa\u011fl\u0131k sisteminin giri\u015f kap\u0131s\u0131nda yeterli klinik donan\u0131ma sahip olmayan hekimlerin bulunmas\u0131 yaln\u0131zca birinci basamakta kalite sorunu olu\u015fturmaz; gereksiz sevkler, tetkikler ve hastane ba\u015fvurular\u0131 yoluyla t\u00fcm sistemi kilitleyebilir.<\/p>\n\n\n\n<p class=\"wp-block-paragraph\">Seminerin sonunda, Alman Aile Hekimli\u011fi Derne\u011fi (DEGAM) taraf\u0131ndan 2026 y\u0131l\u0131nda yay\u0131mlanan \u201cHaus\u00e4rztliche Prim\u00e4rversorgung \u2013 Garant f\u00fcr unser Gesundheitssystem\u201d ba\u015fl\u0131kl\u0131 \u00e7al\u0131\u015fma ele al\u0131nd\u0131. DEGAM aile hekimli\u011fini maliyet-etkin bir sa\u011fl\u0131k sisteminin temel garantilerinden biri olarak g\u00f6r\u00fcyor (DEGAM 2026 <a href=\"https:\/\/link.springer.com\/article\/10.1007\/s44266-026-00563-6\">https:\/\/link.springer.com\/article\/10.1007\/s44266-026-00563-6<\/a>).<\/p>\n\n\n\n<p class=\"wp-block-paragraph\">Seminerin sonunda ortaya \u00e7\u0131kan temel mesaj \u015f\u00f6yle \u00f6zetlenebilir: Organ merkezli uzmanl\u0131klar t\u0131bb\u0131n vazge\u00e7ilmez unsurlar\u0131d\u0131r; ancak hastan\u0131n sa\u011fl\u0131k sistemi i\u00e7indeki b\u00fct\u00fcn yolculu\u011funu g\u00f6ren, farkl\u0131 bilgileri bir araya getiren, hastal\u0131k ortaya \u00e7\u0131kmadan \u00f6nce sa\u011fl\u0131\u011f\u0131 koruyan, belirsizlik i\u00e7inde karar verebilen ve gerekti\u011finde di\u011fer uzmanl\u0131k alanlar\u0131n\u0131 devreye sokan ki\u015fi aile hekimidir. \u201cAile hekimi resmin tamam\u0131n\u0131 g\u00f6r\u00fcr.\u201d<\/p>\n","protected":false},"excerpt":{"rendered":"<p>\u201cAile hekimi resmin tamam\u0131n\u0131 g\u00f6r\u00fcr.\u201d Academic Solidarity b\u00fcnyesinde aile hekimlerine y\u00f6nelik d\u00fczenlenen seminerde, \u201cAile Hekimli\u011finin Temelleri: Tan\u0131mlar ve WONCA A\u011fac\u0131\u201d ba\u015fl\u0131\u011f\u0131 ele al\u0131nd\u0131. 31 A\u011fustos 2026 tarihinde ger\u00e7ekle\u015ftirilen seminer, Prof. Dr. Zekeriya Akt\u00fcrk taraf\u0131ndan sunuldu. Seminerde aile hekimli\u011finin tarihsel geli\u015fiminden g\u00fcn\u00fcm\u00fczdeki tan\u0131m\u0131na, WONCA Europe taraf\u0131ndan belirlenen \u00e7ekirdek yeterliliklerden aile hekimli\u011finin sa\u011fl\u0131k sistemi i\u00e7indeki merkezi rol\u00fcne [&hellip;]<\/p>\n","protected":false},"author":3,"featured_media":4887,"comment_status":"closed","ping_status":"open","sticky":false,"template":"","format":"standard","meta":{"_jetpack_newsletter_access":"","_jetpack_dont_email_post_to_subs":false,"_jetpack_newsletter_tier_id":0,"_jetpack_memberships_contains_paywalled_content":false,"_jetpack_memberships_contains_paid_content":false,"footnotes":""},"categories":[114],"tags":[],"class_list":["post-4891","post","type-post","status-publish","format-standard","has-post-thumbnail","hentry","category-guncel"],"jetpack_featured_media_url":"https:\/\/i0.wp.com\/www.academicsolidarity.com\/wp-content\/uploads\/2026\/09\/20260905AllgemeinmedizinDefinitionenWoncaBaum.jpg?fit=1280%2C720&ssl=1","jetpack_sharing_enabled":true,"_links":{"self":[{"href":"https:\/\/www.academicsolidarity.com\/index.php?rest_route=\/wp\/v2\/posts\/4891","targetHints":{"allow":["GET"]}}],"collection":[{"href":"https:\/\/www.academicsolidarity.com\/index.php?rest_route=\/wp\/v2\/posts"}],"about":[{"href":"https:\/\/www.academicsolidarity.com\/index.php?rest_route=\/wp\/v2\/types\/post"}],"author":[{"embeddable":true,"href":"https:\/\/www.academicsolidarity.com\/index.php?rest_route=\/wp\/v2\/users\/3"}],"replies":[{"embeddable":true,"href":"https:\/\/www.academicsolidarity.com\/index.php?rest_route=%2Fwp%2Fv2%2Fcomments&post=4891"}],"version-history":[{"count":1,"href":"https:\/\/www.academicsolidarity.com\/index.php?rest_route=\/wp\/v2\/posts\/4891\/revisions"}],"predecessor-version":[{"id":4892,"href":"https:\/\/www.academicsolidarity.com\/index.php?rest_route=\/wp\/v2\/posts\/4891\/revisions\/4892"}],"wp:featuredmedia":[{"embeddable":true,"href":"https:\/\/www.academicsolidarity.com\/index.php?rest_route=\/wp\/v2\/media\/4887"}],"wp:attachment":[{"href":"https:\/\/www.academicsolidarity.com\/index.php?rest_route=%2Fwp%2Fv2%2Fmedia&parent=4891"}],"wp:term":[{"taxonomy":"category","embeddable":true,"href":"https:\/\/www.academicsolidarity.com\/index.php?rest_route=%2Fwp%2Fv2%2Fcategories&post=4891"},{"taxonomy":"post_tag","embeddable":true,"href":"https:\/\/www.academicsolidarity.com\/index.php?rest_route=%2Fwp%2Fv2%2Ftags&post=4891"}],"curies":[{"name":"wp","href":"https:\/\/api.w.org\/{rel}","templated":true}]}}