{"id":4889,"date":"2026-09-05T06:18:21","date_gmt":"2026-09-05T06:18:21","guid":{"rendered":"https:\/\/academicsolidarity.com\/?p=4889"},"modified":"2026-09-05T06:18:22","modified_gmt":"2026-09-05T06:18:22","slug":"die-allgemeinmedizin-als-zentrale-disziplin-im-gesundheitssystem","status":"publish","type":"post","link":"https:\/\/www.academicsolidarity.com\/?p=4889&lang=de","title":{"rendered":"Die Allgemeinmedizin als zentrale Disziplin im Gesundheitssystem"},"content":{"rendered":"\n<p class=\"wp-block-paragraph\"><em>\u201eDer Allgemeinarzt sieht das gro\u00dfe Ganze.\u201c<\/em><\/p>\n\n\n\n<p class=\"wp-block-paragraph\">Ein von Academic Solidarity organisiertes Seminar f\u00fcr Allgemeinmediziner befasste sich mit dem Thema \u201eGrundlagen der Allgemeinmedizin: Definitionen und der WONCA-Baum\u201c. Das Seminar fand am 31. August 2026 statt und wurde von Prof. Dr. Zekeriya Akt\u00fcrk geleitet. Es deckte ein breites Themenspektrum ab, von der historischen Entwicklung der Allgemeinmedizin bis zu ihrer aktuellen Definition, von den von WONCA Europe definierten Kernkompetenzen bis hin zur zentralen Rolle der Allgemeinmedizin im Gesundheitssystem.<\/p>\n\n\n\n<p class=\"wp-block-paragraph\">Ein zentraler Punkt des Vortrags war die Notwendigkeit f\u00fcr die Allgemeinmedizin, sich und ihren Platz im Gesundheitssystem \u2013 anders als viele andere medizinische Disziplinen \u2013 stetig neu zu definieren. Ein wesentlicher Grund daf\u00fcr ist, dass die Allgemeinmedizin eine generalistische Disziplin ist, die sich nicht \u00fcber ein bestimmtes Organ, eine Krankheit oder ein technisches Verfahren definiert, sondern \u00fcber die gesamten Gesundheitsprobleme, die Lebensbedingungen und die Beziehung des Einzelnen zum Gesundheitssystem.<\/p>\n\n\n\n<p class=\"wp-block-paragraph\">Laut der Definition von WONCA Europe aus dem Jahr 2023 ist die Allgemeinmedizin eine akademische und wissenschaftliche Disziplin mit eigenen Ausbildungsinhalten, Forschungsschwerpunkten, einer eigenen Evidenzbasis und einer eigenen klinischen Praxis. Sie ist zudem ein klinisches Fachgebiet mit Fokus auf die Prim\u00e4rversorgung.<\/p>\n\n\n\n<p class=\"wp-block-paragraph\">Das Seminar hob hervor, dass die intellektuellen Wurzeln der Allgemeinmedizin weit \u00fcber die der modernen Medizin hinausreichen. Im 5. Jahrhundert v. Chr. betonten Hippokrates und die Schule von Kos den Patienten, den Krankheitsverlauf und die Prognose, nicht die Krankheit selbst. Die Schule von Knidos (heute Dat\u00e7a) derselben Zeit legte hingegen mehr Wert auf die Klassifizierung von Krankheiten anhand ihrer Symptome und der betroffenen Organsysteme.<\/p>\n\n\n\n<p class=\"wp-block-paragraph\">Diese beiden Ans\u00e4tze k\u00f6nnen als historische Vorl\u00e4ufer der generalistischen, organbezogenen Unterscheidung in der modernen Medizin betrachtet werden:<\/p>\n\n\n\n<p class=\"wp-block-paragraph\">Kos: \u201eWelche Person ist krank und wie entwickelt sich ihre Krankheit?\u201c<\/p>\n\n\n\n<p class=\"wp-block-paragraph\">Knidos: \u201eWelche Krankheit hat diese Person?\u201c<\/p>\n\n\n\n<p class=\"wp-block-paragraph\">Kos und die Region Knidos\/Dat\u00e7a, die sich an den Grenzen der heutigen T\u00fcrkei befinden, besitzen daher nicht nur im Hinblick auf die Geschichte der antiken Medizin eine besondere Bedeutung, sondern auch als symbolische Geografie zweier unterschiedlicher medizinischer Denkweisen.<\/p>\n\n\n\n<p class=\"wp-block-paragraph\">Die Allgemeinmedizin hat im Laufe der Geschichte H\u00f6hen und Tiefen erlebt. Die Spezialisierung, die sich insbesondere in der ersten H\u00e4lfte des 20. Jahrhunderts beschleunigte, lie\u00df die Bedeutung der Allgemeinmedizin vor\u00fcbergehend in den Hintergrund treten, w\u00e4hrend die Fragmentierung des Gesundheitssystems und die Koordinationsprobleme ab den 1960er Jahren den erneuten Bedarf an Allgemeinmedizin deutlich machten. Der Vortrag hob hervor, dass die Berichte von Millis, Willard und Folsom aus dem Jahr 1966 wichtige Meilensteine in dieser Umstrukturierung darstellten.<\/p>\n\n\n\n<p class=\"wp-block-paragraph\">Ein bemerkenswertes historisches Beispiel aus der T\u00fcrkei wurde ebenfalls hervorgehoben: Obwohl er w\u00e4hrend der Putschzeit Staatssekret\u00e4r im Gesundheitsministerium war, pr\u00e4sentierte das unter der Leitung von Prof. Dr. Nusret Fi\u015fek und seinen Kollegen erarbeitete Gesetz Nr. 224 zur Vergesellschaftung der Gesundheitsdienste bereits 1961 eine fortschrittliche Vision. Es vereinte bev\u00f6lkerungsbezogene Dienstleistungen, regionale Verantwortung, die Integration von Pr\u00e4vention und Behandlung, Teamarbeit, Kontinuit\u00e4t und gegebenenfalls \u00dcberweisung.<\/p>\n\n\n\n<p class=\"wp-block-paragraph\">Der Umfang der modernen Allgemeinmedizin wurde anhand des WONCA-Baums bewertet. In diesem Rahmen wurden die grundlegenden Merkmale der Allgemeinmedizin, wie sie sich in der t\u00e4glichen Praxis widerspiegeln, detailliert er\u00f6rtert:<\/p>\n\n\n\n<ol class=\"wp-block-list\">\n<li>Gesundheit und Krankheit multidimensional betrachten<\/li>\n\n\n\n<li>Erste Anlaufstelle im Gesundheitssystem sein<\/li>\n\n\n\n<li>Gesundheitsleistungen koordinieren und sich bei Bedarf f\u00fcr den Patienten einsetzen<\/li>\n\n\n\n<li>Gesundheit und Wohlbefinden verbessern<\/li>\n\n\n\n<li>Akute und chronische Erkrankungen gemeinsam behandeln<\/li>\n\n\n\n<li>Fr\u00fchzeitig mit noch nicht differenzierten Erkrankungen arbeiten<\/li>\n\n\n\n<li>Ein einzigartiger Entscheidungsprozess, der Pr\u00e4valenz und Inzidenz in der Prim\u00e4rversorgung ber\u00fccksichtigt<\/li>\n\n\n\n<li>Verantwortung f\u00fcr die Gesundheit der Gemeinschaft und der Umwelt zus\u00e4tzlich zum Individuum \u00fcbernehmen<\/li>\n\n\n\n<li>Durch regelm\u00e4\u00dfige Kontakte eine besondere Arzt-Patienten-Beziehung aufbauen<\/li>\n\n\n\n<li>Kontinuierliche, langfristige Versorgung gew\u00e4hrleisten<\/li>\n\n\n\n<li>Den Patienten zur aktiven Mitgestaltung seiner Gesundheit bef\u00e4higen (Patientenerm\u00e4chtigung)<\/li>\n\n\n\n<li>Einen personenzentrierten Ansatz verfolgen, der den Menschen, seine Familie und sein Lebensumfeld in den Mittelpunkt stellt, nicht die Krankheit.<\/li>\n<\/ol>\n\n\n\n<p class=\"wp-block-paragraph\">(Wonca-Europe 2023; <a href=\"https:\/\/www.woncaeurope.org\/resources\/view\/the-european-definition-of-general-practice-family-medicine-wonca-europe-2023-edition\">https:\/\/www.woncaeurope.org\/resources\/view\/the-european-definition-of-general-practice-family-medicine-wonca-europe-2023-edition<\/a>)<\/p>\n\n\n\n<p class=\"wp-block-paragraph\">Diese Merkmale zeigen, dass Allgemeinmedizin nicht \u201eMedizin ist, die von allem etwas wei\u00df\u201c, sondern im Gegenteil ein eigenst\u00e4ndiges Fachgebiet mit eigenen klinischen Denkweisen darstellt. Eines der zentralen Themen des Seminars war die Kontinuit\u00e4t und Koordination der Versorgung. In L\u00e4ndern, in denen die Allgemeinmedizin im Mittelpunkt des Gesundheitssystems steht, endet die Verantwortung des Hausarztes nicht mit der \u00dcberweisung eines Patienten an einen Facharzt. Bereits der Millis-Bericht von 1966 stellte fest, dass die Verantwortung des Hausarztes f\u00fcr den Patienten auch nach einer \u00dcberweisung fortbesteht.<\/p>\n\n\n\n<p class=\"wp-block-paragraph\">Deutschland ist ein aktuelles Beispiel daf\u00fcr. Ein Hausarzt ist nicht nur f\u00fcr die akute Erkrankung des Patienten, sondern auch f\u00fcr dessen allgemeine Gesundheit verantwortlich. Nach einer \u00dcberweisung an einen Facharzt wird vom Hausarzt eine R\u00fcckmeldung erwartet. Der Zweck einer \u00dcberweisung besteht nicht nur in der blo\u00dfen Weiterleitung eines Patienten; der Hausarzt kann gegebenenfalls den Umfang der Konsultation festlegen, indem er vornehmlich Zweitmeinungen anderer Fach\u00e4rzte einholt oder Antworten auf spezifische Fragen einholt. Die Befunde werden anschlie\u00dfend vom Hausarzt erneut gepr\u00fcft, um einen ganzheitlichen Behandlungsplan f\u00fcr den Patienten zu erstellen. Auch das Koordinationskonzept der WONCA beschreibt diese Funktion.<\/p>\n\n\n\n<p class=\"wp-block-paragraph\">Eine der Kernaussagen des Seminars war, dass eine fundierte theoretische und praktische Ausbildung von Haus\u00e4rzten f\u00fcr das Funktionieren des Gesundheitssystems unerl\u00e4sslich ist. Die Allgemeinmedizin ist keine Alternative zu anderen Fachrichtungen, sondern eine gleichwertige medizinische Fachrichtung. Daher sollten Qualit\u00e4t, Umfang und Dauer der Facharztausbildung denen anderer Fachrichtungen entsprechen. Da \u00c4rzte mit unzureichender medizinischer Ausstattung am Eingang des Gesundheitssystems nicht nur ein Qualit\u00e4tsproblem in der Prim\u00e4rversorgung darstellen, sondern durch unn\u00f6tige \u00dcberweisungen, Untersuchungen und Krankenhauseinweisungen das gesamte System lahmlegen k\u00f6nnen, gewinnt diese Situation angesichts der \u00c4rzteverteilung noch an Bedeutung.<\/p>\n\n\n\n<p class=\"wp-block-paragraph\">Am Ende des Seminars wurde die 2026 von der Deutschen Gesellschaft f\u00fcr Allgemeinmedizin (DEGAM) ver\u00f6ffentlichte Studie \u201eHaus\u00e4rztliche Prim\u00e4rversorgung \u2013 Garant f\u00fcr unser Gesundheitssystem\u201c diskutiert. Die DEGAM sieht die Allgemeinmedizin als eine der grundlegenden Garantien f\u00fcr ein kosteneffizientes Gesundheitssystem (DEGAM 2026 <a href=\"https:\/\/link.springer.com\/article\/10.1007\/s44266-026-00563-6\">https:\/\/link.springer.com\/article\/10.1007\/s44266-026-00563-6<\/a>).<\/p>\n\n\n\n<p class=\"wp-block-paragraph\">Die zentrale Aussage des Seminars l\u00e4sst sich wie folgt zusammenfassen: Organzentrierte Fachrichtungen sind unverzichtbare Bestandteile der Medizin. Der Hausarzt hingegen begleitet den Patienten durch das gesamte Gesundheitssystem, verkn\u00fcpft verschiedene Informationen, sch\u00fctzt die Gesundheit pr\u00e4ventiv, trifft auch in unsicheren Situationen Entscheidungen und zieht bei Bedarf andere Fach\u00e4rzte hinzu. \u201eDer Allgemeinarzt sieht das gro\u00dfe Ganze.\u201c<\/p>\n","protected":false},"excerpt":{"rendered":"<p>\u201eDer Allgemeinarzt sieht das gro\u00dfe Ganze.\u201c Ein von Academic Solidarity organisiertes Seminar f\u00fcr Allgemeinmediziner befasste sich mit dem Thema \u201eGrundlagen der Allgemeinmedizin: Definitionen und der WONCA-Baum\u201c. Das Seminar fand am 31. August 2026 statt und wurde von Prof. Dr. Zekeriya Akt\u00fcrk geleitet. Es deckte ein breites Themenspektrum ab, von der historischen Entwicklung der Allgemeinmedizin bis [&hellip;]<\/p>\n","protected":false},"author":3,"featured_media":4887,"comment_status":"closed","ping_status":"open","sticky":false,"template":"","format":"standard","meta":{"_jetpack_newsletter_access":"","_jetpack_dont_email_post_to_subs":false,"_jetpack_newsletter_tier_id":0,"_jetpack_memberships_contains_paywalled_content":false,"_jetpack_memberships_contains_paid_content":false,"footnotes":""},"categories":[118],"tags":[],"class_list":["post-4889","post","type-post","status-publish","format-standard","has-post-thumbnail","hentry","category-aktuell-de"],"jetpack_featured_media_url":"https:\/\/i0.wp.com\/www.academicsolidarity.com\/wp-content\/uploads\/2026\/09\/20260905AllgemeinmedizinDefinitionenWoncaBaum.jpg?fit=1280%2C720&ssl=1","jetpack_sharing_enabled":true,"_links":{"self":[{"href":"https:\/\/www.academicsolidarity.com\/index.php?rest_route=\/wp\/v2\/posts\/4889","targetHints":{"allow":["GET"]}}],"collection":[{"href":"https:\/\/www.academicsolidarity.com\/index.php?rest_route=\/wp\/v2\/posts"}],"about":[{"href":"https:\/\/www.academicsolidarity.com\/index.php?rest_route=\/wp\/v2\/types\/post"}],"author":[{"embeddable":true,"href":"https:\/\/www.academicsolidarity.com\/index.php?rest_route=\/wp\/v2\/users\/3"}],"replies":[{"embeddable":true,"href":"https:\/\/www.academicsolidarity.com\/index.php?rest_route=%2Fwp%2Fv2%2Fcomments&post=4889"}],"version-history":[{"count":1,"href":"https:\/\/www.academicsolidarity.com\/index.php?rest_route=\/wp\/v2\/posts\/4889\/revisions"}],"predecessor-version":[{"id":4890,"href":"https:\/\/www.academicsolidarity.com\/index.php?rest_route=\/wp\/v2\/posts\/4889\/revisions\/4890"}],"wp:featuredmedia":[{"embeddable":true,"href":"https:\/\/www.academicsolidarity.com\/index.php?rest_route=\/wp\/v2\/media\/4887"}],"wp:attachment":[{"href":"https:\/\/www.academicsolidarity.com\/index.php?rest_route=%2Fwp%2Fv2%2Fmedia&parent=4889"}],"wp:term":[{"taxonomy":"category","embeddable":true,"href":"https:\/\/www.academicsolidarity.com\/index.php?rest_route=%2Fwp%2Fv2%2Fcategories&post=4889"},{"taxonomy":"post_tag","embeddable":true,"href":"https:\/\/www.academicsolidarity.com\/index.php?rest_route=%2Fwp%2Fv2%2Ftags&post=4889"}],"curies":[{"name":"wp","href":"https:\/\/api.w.org\/{rel}","templated":true}]}}